{"id":757,"date":"2022-12-01T21:55:54","date_gmt":"2022-12-01T20:55:54","guid":{"rendered":"http:\/\/amisdumuseeetfondsmedard.com\/?p=757"},"modified":"2022-12-01T21:55:55","modified_gmt":"2022-12-01T20:55:55","slug":"visite-guidee-du-jeudi-6-octobre-a-arles","status":"publish","type":"post","link":"https:\/\/amisdumuseeetfondsmedard.com\/index.php\/2022\/12\/01\/visite-guidee-du-jeudi-6-octobre-a-arles\/","title":{"rendered":"Visite guid\u00e9e du Jeudi 6 octobre \u00e0 ARLES"},"content":{"rendered":"<span class=\"cb-itemprop\" itemprop=\"reviewBody\">\n<p>Un petit groupe d&rsquo;adh\u00e9rents de l&rsquo;association a pu faire une visite guid\u00e9e, en Arles, le 6 octobre dernier. Au programme : Le <em>Mus\u00e9e R\u00e9attu<\/em> et <em>l&rsquo;exposition de la Fondation Van Gogh, Nicole EISENMAN et les modernes<\/em>.<\/p>\n\n\n\n<p><strong>Le mus\u00e9e R\u00e9attu :<\/strong><\/p>\n\n\n\n<p>Riche d&rsquo;une collection de 7000 oeuvres du XIVe si\u00e8cle \u00e0 nos jours. la cr\u00e9ation contemporaine s&rsquo;y exprime \u00e0 travers les oeuvres de Ossip ZADKINE, Germaine RICHIER, CESAR, ARMAND, Piere ALECHINSKY, BURAGLIO, etc&#8230;<\/p>\n\n\n\n<p>Peintures, sculptures, arts graphiques, photographies y sont repr\u00e9sent\u00e9s. Pablo PICASSO y tient une place particuli\u00e8re gr\u00e2ce \u00e0 un ensemble de 57 dessins et peintures et affiches ainsi que des documents d&rsquo;archives.<\/p>\n\n\n\n<figure class=\"wp-block-gallery has-nested-images columns-3 is-cropped wp-block-gallery-1 is-layout-flex wp-block-gallery-is-layout-flex\">\n<figure class=\"wp-block-image size-large\"><img loading=\"lazy\" decoding=\"async\" width=\"1024\" height=\"768\" data-id=\"763\" src=\"https:\/\/amisdumuseeetfondsmedard.com\/wp-content\/uploads\/2020\/06\/PICASSO-dessin-1024x768.jpg\" alt=\"\" class=\"wp-image-763\" srcset=\"https:\/\/amisdumuseeetfondsmedard.com\/wp-content\/uploads\/2020\/06\/PICASSO-dessin-1024x768.jpg 1024w, https:\/\/amisdumuseeetfondsmedard.com\/wp-content\/uploads\/2020\/06\/PICASSO-dessin-300x225.jpg 300w, https:\/\/amisdumuseeetfondsmedard.com\/wp-content\/uploads\/2020\/06\/PICASSO-dessin-768x576.jpg 768w, https:\/\/amisdumuseeetfondsmedard.com\/wp-content\/uploads\/2020\/06\/PICASSO-dessin-1536x1152.jpg 1536w, https:\/\/amisdumuseeetfondsmedard.com\/wp-content\/uploads\/2020\/06\/PICASSO-dessin-2048x1536.jpg 2048w\" sizes=\"auto, (max-width: 1024px) 100vw, 1024px\" \/><figcaption class=\"wp-element-caption\">Mus\u00e9e R\u00e9attu : PICASSO dessin<\/figcaption><\/figure>\n\n\n\n<figure class=\"wp-block-image size-large\"><img loading=\"lazy\" decoding=\"async\" width=\"1024\" height=\"768\" data-id=\"762\" src=\"https:\/\/amisdumuseeetfondsmedard.com\/wp-content\/uploads\/2020\/06\/Germaine-Richier-1024x768.jpg\" alt=\"\" class=\"wp-image-762\" srcset=\"https:\/\/amisdumuseeetfondsmedard.com\/wp-content\/uploads\/2020\/06\/Germaine-Richier-1024x768.jpg 1024w, https:\/\/amisdumuseeetfondsmedard.com\/wp-content\/uploads\/2020\/06\/Germaine-Richier-300x225.jpg 300w, https:\/\/amisdumuseeetfondsmedard.com\/wp-content\/uploads\/2020\/06\/Germaine-Richier-768x576.jpg 768w, https:\/\/amisdumuseeetfondsmedard.com\/wp-content\/uploads\/2020\/06\/Germaine-Richier-1536x1152.jpg 1536w, https:\/\/amisdumuseeetfondsmedard.com\/wp-content\/uploads\/2020\/06\/Germaine-Richier-2048x1536.jpg 2048w\" sizes=\"auto, (max-width: 1024px) 100vw, 1024px\" \/><figcaption class=\"wp-element-caption\">Mus\u00e9e R\u00e9attu : Germaine Richier<\/figcaption><\/figure>\n\n\n\n<figure class=\"wp-block-image size-large\"><img loading=\"lazy\" decoding=\"async\" width=\"1024\" height=\"768\" data-id=\"761\" src=\"https:\/\/amisdumuseeetfondsmedard.com\/wp-content\/uploads\/2020\/06\/1DSCN8362-1024x768.jpg\" alt=\"\" class=\"wp-image-761\" srcset=\"https:\/\/amisdumuseeetfondsmedard.com\/wp-content\/uploads\/2020\/06\/1DSCN8362-1024x768.jpg 1024w, https:\/\/amisdumuseeetfondsmedard.com\/wp-content\/uploads\/2020\/06\/1DSCN8362-300x225.jpg 300w, https:\/\/amisdumuseeetfondsmedard.com\/wp-content\/uploads\/2020\/06\/1DSCN8362-768x576.jpg 768w, https:\/\/amisdumuseeetfondsmedard.com\/wp-content\/uploads\/2020\/06\/1DSCN8362-1536x1152.jpg 1536w, https:\/\/amisdumuseeetfondsmedard.com\/wp-content\/uploads\/2020\/06\/1DSCN8362-2048x1536.jpg 2048w\" sizes=\"auto, (max-width: 1024px) 100vw, 1024px\" \/><figcaption class=\"wp-element-caption\">Mus\u00e9e R\u00e9attu<\/figcaption><\/figure>\n\n\n\n<figure class=\"wp-block-image size-large\"><img loading=\"lazy\" decoding=\"async\" width=\"1024\" height=\"768\" data-id=\"760\" src=\"https:\/\/amisdumuseeetfondsmedard.com\/wp-content\/uploads\/2020\/06\/1DSCN8360-1024x768.jpg\" alt=\"\" class=\"wp-image-760\" srcset=\"https:\/\/amisdumuseeetfondsmedard.com\/wp-content\/uploads\/2020\/06\/1DSCN8360-1024x768.jpg 1024w, https:\/\/amisdumuseeetfondsmedard.com\/wp-content\/uploads\/2020\/06\/1DSCN8360-300x225.jpg 300w, https:\/\/amisdumuseeetfondsmedard.com\/wp-content\/uploads\/2020\/06\/1DSCN8360-768x576.jpg 768w, https:\/\/amisdumuseeetfondsmedard.com\/wp-content\/uploads\/2020\/06\/1DSCN8360-1536x1152.jpg 1536w, https:\/\/amisdumuseeetfondsmedard.com\/wp-content\/uploads\/2020\/06\/1DSCN8360-2048x1536.jpg 2048w\" sizes=\"auto, (max-width: 1024px) 100vw, 1024px\" \/><figcaption class=\"wp-element-caption\">Mus\u00e9e R\u00e9attu<\/figcaption><\/figure>\n\n\n\n<figure class=\"wp-block-image size-large\"><img loading=\"lazy\" decoding=\"async\" width=\"1024\" height=\"768\" data-id=\"759\" src=\"https:\/\/amisdumuseeetfondsmedard.com\/wp-content\/uploads\/2020\/06\/1DSCN8350-1024x768.jpg\" alt=\"\" class=\"wp-image-759\" srcset=\"https:\/\/amisdumuseeetfondsmedard.com\/wp-content\/uploads\/2020\/06\/1DSCN8350-1024x768.jpg 1024w, https:\/\/amisdumuseeetfondsmedard.com\/wp-content\/uploads\/2020\/06\/1DSCN8350-300x225.jpg 300w, https:\/\/amisdumuseeetfondsmedard.com\/wp-content\/uploads\/2020\/06\/1DSCN8350-768x576.jpg 768w, https:\/\/amisdumuseeetfondsmedard.com\/wp-content\/uploads\/2020\/06\/1DSCN8350-1536x1152.jpg 1536w, https:\/\/amisdumuseeetfondsmedard.com\/wp-content\/uploads\/2020\/06\/1DSCN8350-2048x1536.jpg 2048w\" sizes=\"auto, (max-width: 1024px) 100vw, 1024px\" \/><figcaption class=\"wp-element-caption\">Mus\u00e9e R\u00e9attu<\/figcaption><\/figure>\n\n\n\n<figure class=\"wp-block-image size-large\"><img loading=\"lazy\" decoding=\"async\" width=\"1024\" height=\"768\" data-id=\"758\" src=\"https:\/\/amisdumuseeetfondsmedard.com\/wp-content\/uploads\/2020\/06\/1DSCN8345-1024x768.jpg\" alt=\"Le Mus\u00e9e R\u00e9attu\" class=\"wp-image-758\" srcset=\"https:\/\/amisdumuseeetfondsmedard.com\/wp-content\/uploads\/2020\/06\/1DSCN8345-1024x768.jpg 1024w, https:\/\/amisdumuseeetfondsmedard.com\/wp-content\/uploads\/2020\/06\/1DSCN8345-300x225.jpg 300w, https:\/\/amisdumuseeetfondsmedard.com\/wp-content\/uploads\/2020\/06\/1DSCN8345-768x576.jpg 768w, https:\/\/amisdumuseeetfondsmedard.com\/wp-content\/uploads\/2020\/06\/1DSCN8345-1536x1152.jpg 1536w, https:\/\/amisdumuseeetfondsmedard.com\/wp-content\/uploads\/2020\/06\/1DSCN8345-2048x1536.jpg 2048w\" sizes=\"auto, (max-width: 1024px) 100vw, 1024px\" \/><figcaption class=\"wp-element-caption\">Mus\u00e9e R\u00e9attu<\/figcaption><\/figure>\n\n\n\n<figure class=\"wp-block-image size-large\"><img loading=\"lazy\" decoding=\"async\" width=\"1024\" height=\"768\" data-id=\"764\" src=\"https:\/\/amisdumuseeetfondsmedard.com\/wp-content\/uploads\/2020\/06\/Pierre-Alechinsky-1024x768.jpg\" alt=\"\" class=\"wp-image-764\" srcset=\"https:\/\/amisdumuseeetfondsmedard.com\/wp-content\/uploads\/2020\/06\/Pierre-Alechinsky-1024x768.jpg 1024w, https:\/\/amisdumuseeetfondsmedard.com\/wp-content\/uploads\/2020\/06\/Pierre-Alechinsky-300x225.jpg 300w, https:\/\/amisdumuseeetfondsmedard.com\/wp-content\/uploads\/2020\/06\/Pierre-Alechinsky-768x576.jpg 768w, https:\/\/amisdumuseeetfondsmedard.com\/wp-content\/uploads\/2020\/06\/Pierre-Alechinsky-1536x1152.jpg 1536w, https:\/\/amisdumuseeetfondsmedard.com\/wp-content\/uploads\/2020\/06\/Pierre-Alechinsky-2048x1536.jpg 2048w\" sizes=\"auto, (max-width: 1024px) 100vw, 1024px\" \/><figcaption class=\"wp-element-caption\">Mus\u00e9e R\u00e9attu : Pierre Alechinsky<\/figcaption><\/figure>\n<\/figure>\n\n\n\n<p><strong>La<\/strong> <strong>Fondation Van Gogh<\/strong> : <em><strong>Nicole EISENMAN et les modernes, T\u00eates, baisers, batailles<\/strong><\/em><\/p>\n\n\n\n<p>Artiste am\u00e9ricaine n\u00e9e en 1965 vit et travaille \u00e0 Brooklyn et New York. sa pratique est inspir\u00e9e de sa vie personnelle et impr\u00e9gn\u00e9e des probl\u00e9matiques de notre monde contemporain. Son style est ouvertement ironique, au caract\u00e8re provocateur et parfois allant jusqu&rsquo;au grotesque.<\/p>\n\n\n\n<p>Dans cette exposition plus de 70 toiles de l&rsquo;artiste sont pr\u00e9sent\u00e9es ainsi que les oeuvres de 26 artistes modernes du d\u00e9but du XXe si\u00e8cle : Alice BAILLY, Otto MORACH, Edvard MUNCH, Georges ROUAULT etc&#8230;Le tableau r\u00e9f\u00e9rence de VAN GOGH est \u00ab\u00a0Le portrait d&rsquo;un homme borgne\u00a0\u00bb pr\u00e9t\u00e9 par le Van Gogh mus\u00e9um d&rsquo;Amsterdam le temps de l&rsquo;exposition.<\/p>\n\n\n\n<figure class=\"wp-block-gallery has-nested-images columns-default is-cropped wp-block-gallery-2 is-layout-flex wp-block-gallery-is-layout-flex\">\n<figure class=\"wp-block-image size-large\"><img loading=\"lazy\" decoding=\"async\" width=\"1024\" height=\"768\" data-id=\"771\" src=\"https:\/\/amisdumuseeetfondsmedard.com\/wp-content\/uploads\/2020\/06\/Van-GOGH-1889-1024x768.jpg\" alt=\"\" class=\"wp-image-771\" srcset=\"https:\/\/amisdumuseeetfondsmedard.com\/wp-content\/uploads\/2020\/06\/Van-GOGH-1889-1024x768.jpg 1024w, https:\/\/amisdumuseeetfondsmedard.com\/wp-content\/uploads\/2020\/06\/Van-GOGH-1889-300x225.jpg 300w, https:\/\/amisdumuseeetfondsmedard.com\/wp-content\/uploads\/2020\/06\/Van-GOGH-1889-768x576.jpg 768w, https:\/\/amisdumuseeetfondsmedard.com\/wp-content\/uploads\/2020\/06\/Van-GOGH-1889-1536x1152.jpg 1536w, https:\/\/amisdumuseeetfondsmedard.com\/wp-content\/uploads\/2020\/06\/Van-GOGH-1889-2048x1536.jpg 2048w\" sizes=\"auto, (max-width: 1024px) 100vw, 1024px\" \/><figcaption class=\"wp-element-caption\">Fondation VAN GOGH : Van GOGH 1889<\/figcaption><\/figure>\n\n\n\n<figure class=\"wp-block-image size-large\"><img loading=\"lazy\" decoding=\"async\" width=\"1024\" height=\"461\" data-id=\"770\" src=\"https:\/\/amisdumuseeetfondsmedard.com\/wp-content\/uploads\/2020\/06\/Nicole-Eisenmen-1024x461.jpg\" alt=\"\" class=\"wp-image-770\" srcset=\"https:\/\/amisdumuseeetfondsmedard.com\/wp-content\/uploads\/2020\/06\/Nicole-Eisenmen-1024x461.jpg 1024w, https:\/\/amisdumuseeetfondsmedard.com\/wp-content\/uploads\/2020\/06\/Nicole-Eisenmen-300x135.jpg 300w, https:\/\/amisdumuseeetfondsmedard.com\/wp-content\/uploads\/2020\/06\/Nicole-Eisenmen-768x346.jpg 768w, https:\/\/amisdumuseeetfondsmedard.com\/wp-content\/uploads\/2020\/06\/Nicole-Eisenmen-1536x691.jpg 1536w, https:\/\/amisdumuseeetfondsmedard.com\/wp-content\/uploads\/2020\/06\/Nicole-Eisenmen-2048x922.jpg 2048w\" sizes=\"auto, (max-width: 1024px) 100vw, 1024px\" \/><figcaption class=\"wp-element-caption\">Fondation VAN GOGH : Nicole Eisenmen<\/figcaption><\/figure>\n\n\n\n<figure class=\"wp-block-image size-large\"><img loading=\"lazy\" decoding=\"async\" width=\"1024\" height=\"768\" data-id=\"769\" src=\"https:\/\/amisdumuseeetfondsmedard.com\/wp-content\/uploads\/2020\/06\/Nicole-Eisenman-3-1024x768.jpg\" alt=\"\" class=\"wp-image-769\" srcset=\"https:\/\/amisdumuseeetfondsmedard.com\/wp-content\/uploads\/2020\/06\/Nicole-Eisenman-3-1024x768.jpg 1024w, https:\/\/amisdumuseeetfondsmedard.com\/wp-content\/uploads\/2020\/06\/Nicole-Eisenman-3-300x225.jpg 300w, https:\/\/amisdumuseeetfondsmedard.com\/wp-content\/uploads\/2020\/06\/Nicole-Eisenman-3-768x576.jpg 768w, https:\/\/amisdumuseeetfondsmedard.com\/wp-content\/uploads\/2020\/06\/Nicole-Eisenman-3-1536x1152.jpg 1536w, https:\/\/amisdumuseeetfondsmedard.com\/wp-content\/uploads\/2020\/06\/Nicole-Eisenman-3-2048x1536.jpg 2048w\" sizes=\"auto, (max-width: 1024px) 100vw, 1024px\" \/><figcaption class=\"wp-element-caption\">Fondation VAN GOGH : Nicole Eisenman (3)<\/figcaption><\/figure>\n\n\n\n<figure class=\"wp-block-image size-large\"><img loading=\"lazy\" decoding=\"async\" width=\"1024\" height=\"768\" data-id=\"768\" src=\"https:\/\/amisdumuseeetfondsmedard.com\/wp-content\/uploads\/2020\/06\/Nicole-Eisenman-2-1024x768.jpg\" alt=\"\" class=\"wp-image-768\" srcset=\"https:\/\/amisdumuseeetfondsmedard.com\/wp-content\/uploads\/2020\/06\/Nicole-Eisenman-2-1024x768.jpg 1024w, https:\/\/amisdumuseeetfondsmedard.com\/wp-content\/uploads\/2020\/06\/Nicole-Eisenman-2-300x225.jpg 300w, https:\/\/amisdumuseeetfondsmedard.com\/wp-content\/uploads\/2020\/06\/Nicole-Eisenman-2-768x576.jpg 768w, https:\/\/amisdumuseeetfondsmedard.com\/wp-content\/uploads\/2020\/06\/Nicole-Eisenman-2-1536x1152.jpg 1536w, https:\/\/amisdumuseeetfondsmedard.com\/wp-content\/uploads\/2020\/06\/Nicole-Eisenman-2-2048x1536.jpg 2048w\" sizes=\"auto, (max-width: 1024px) 100vw, 1024px\" \/><figcaption class=\"wp-element-caption\">Fondation VAN GOGH : Nicole Eisenman (2)<\/figcaption><\/figure>\n\n\n\n<figure class=\"wp-block-image size-large\"><img loading=\"lazy\" decoding=\"async\" width=\"1024\" height=\"461\" data-id=\"767\" src=\"https:\/\/amisdumuseeetfondsmedard.com\/wp-content\/uploads\/2020\/06\/Max-Berckman-1024x461.jpg\" alt=\"\" class=\"wp-image-767\" srcset=\"https:\/\/amisdumuseeetfondsmedard.com\/wp-content\/uploads\/2020\/06\/Max-Berckman-1024x461.jpg 1024w, https:\/\/amisdumuseeetfondsmedard.com\/wp-content\/uploads\/2020\/06\/Max-Berckman-300x135.jpg 300w, https:\/\/amisdumuseeetfondsmedard.com\/wp-content\/uploads\/2020\/06\/Max-Berckman-768x346.jpg 768w, https:\/\/amisdumuseeetfondsmedard.com\/wp-content\/uploads\/2020\/06\/Max-Berckman-1536x691.jpg 1536w, https:\/\/amisdumuseeetfondsmedard.com\/wp-content\/uploads\/2020\/06\/Max-Berckman-2048x922.jpg 2048w\" sizes=\"auto, (max-width: 1024px) 100vw, 1024px\" \/><figcaption class=\"wp-element-caption\">Fondation VAN GOGH : Max Berckman<\/figcaption><\/figure>\n\n\n\n<figure class=\"wp-block-image size-large\"><img loading=\"lazy\" decoding=\"async\" width=\"461\" height=\"1024\" data-id=\"766\" src=\"https:\/\/amisdumuseeetfondsmedard.com\/wp-content\/uploads\/2020\/06\/Edvard-Munch-lithog.-461x1024.jpg\" alt=\"\" class=\"wp-image-766\" srcset=\"https:\/\/amisdumuseeetfondsmedard.com\/wp-content\/uploads\/2020\/06\/Edvard-Munch-lithog.-461x1024.jpg 461w, https:\/\/amisdumuseeetfondsmedard.com\/wp-content\/uploads\/2020\/06\/Edvard-Munch-lithog.-135x300.jpg 135w, https:\/\/amisdumuseeetfondsmedard.com\/wp-content\/uploads\/2020\/06\/Edvard-Munch-lithog.-768x1707.jpg 768w, https:\/\/amisdumuseeetfondsmedard.com\/wp-content\/uploads\/2020\/06\/Edvard-Munch-lithog.-691x1536.jpg 691w, https:\/\/amisdumuseeetfondsmedard.com\/wp-content\/uploads\/2020\/06\/Edvard-Munch-lithog.-922x2048.jpg 922w, https:\/\/amisdumuseeetfondsmedard.com\/wp-content\/uploads\/2020\/06\/Edvard-Munch-lithog.-rotated.jpg 1152w\" sizes=\"auto, (max-width: 461px) 100vw, 461px\" \/><figcaption class=\"wp-element-caption\">Fondation VAN GOGH : Edvard Munch lithog.<\/figcaption><\/figure>\n\n\n\n<figure class=\"wp-block-image size-large\"><img loading=\"lazy\" decoding=\"async\" width=\"1024\" height=\"768\" data-id=\"765\" src=\"https:\/\/amisdumuseeetfondsmedard.com\/wp-content\/uploads\/2020\/06\/Alice-bailly-1024x768.jpg\" alt=\"Fondation Van GOGH\" class=\"wp-image-765\" srcset=\"https:\/\/amisdumuseeetfondsmedard.com\/wp-content\/uploads\/2020\/06\/Alice-bailly-1024x768.jpg 1024w, https:\/\/amisdumuseeetfondsmedard.com\/wp-content\/uploads\/2020\/06\/Alice-bailly-300x225.jpg 300w, https:\/\/amisdumuseeetfondsmedard.com\/wp-content\/uploads\/2020\/06\/Alice-bailly-768x576.jpg 768w, https:\/\/amisdumuseeetfondsmedard.com\/wp-content\/uploads\/2020\/06\/Alice-bailly-1536x1152.jpg 1536w, https:\/\/amisdumuseeetfondsmedard.com\/wp-content\/uploads\/2020\/06\/Alice-bailly-2048x1536.jpg 2048w\" sizes=\"auto, (max-width: 1024px) 100vw, 1024px\" \/><figcaption class=\"wp-element-caption\">Fondation VAN GOGH : Alice bailly<\/figcaption><\/figure>\n<\/figure>\n\n\n\n<p>Plus d&rsquo;infos sur le <a rel=\"noreferrer noopener\" href=\"http:\/\/www.museereattu.arles.fr\/\" target=\"_blank\">Mus\u00e9e R\u00e9attu d&rsquo;Arles<\/a> et la <a rel=\"noreferrer noopener\" href=\"https:\/\/www.fondation-vincentvangogh-arles.org\/\" target=\"_blank\">Fondation VAN GOGH<\/a> &#8230;<\/p>\n<\/span>","protected":false},"excerpt":{"rendered":"<p>Un petit groupe d&rsquo;adh\u00e9rents de l&rsquo;association a pu faire une visite guid\u00e9e, en Arles, le 6 octobre dernier. Au programme : Le Mus\u00e9e R\u00e9attu et l&rsquo;exposition de la Fondation Van Gogh, Nicole EISENMAN et les modernes. Le mus\u00e9e R\u00e9attu : Riche d&rsquo;une collection de 7000 oeuvres du XIVe si\u00e8cle \u00e0 nos jours. la cr\u00e9ation contemporaine [&hellip;]<\/p>\n","protected":false},"author":1,"featured_media":760,"comment_status":"closed","ping_status":"open","sticky":false,"template":"","format":"standard","meta":{"footnotes":""},"categories":[9,5],"tags":[48,47,46,11],"class_list":["post-757","post","type-post","status-publish","format-standard","has-post-thumbnail","hentry","category-actualite","category-galerie-photo","tag-arles","tag-fondation-vincent-van-gogh","tag-musee-reattu","tag-nouvelles-visites"],"_links":{"self":[{"href":"https:\/\/amisdumuseeetfondsmedard.com\/index.php\/wp-json\/wp\/v2\/posts\/757","targetHints":{"allow":["GET"]}}],"collection":[{"href":"https:\/\/amisdumuseeetfondsmedard.com\/index.php\/wp-json\/wp\/v2\/posts"}],"about":[{"href":"https:\/\/amisdumuseeetfondsmedard.com\/index.php\/wp-json\/wp\/v2\/types\/post"}],"author":[{"embeddable":true,"href":"https:\/\/amisdumuseeetfondsmedard.com\/index.php\/wp-json\/wp\/v2\/users\/1"}],"replies":[{"embeddable":true,"href":"https:\/\/amisdumuseeetfondsmedard.com\/index.php\/wp-json\/wp\/v2\/comments?post=757"}],"version-history":[{"count":1,"href":"https:\/\/amisdumuseeetfondsmedard.com\/index.php\/wp-json\/wp\/v2\/posts\/757\/revisions"}],"predecessor-version":[{"id":772,"href":"https:\/\/amisdumuseeetfondsmedard.com\/index.php\/wp-json\/wp\/v2\/posts\/757\/revisions\/772"}],"wp:featuredmedia":[{"embeddable":true,"href":"https:\/\/amisdumuseeetfondsmedard.com\/index.php\/wp-json\/wp\/v2\/media\/760"}],"wp:attachment":[{"href":"https:\/\/amisdumuseeetfondsmedard.com\/index.php\/wp-json\/wp\/v2\/media?parent=757"}],"wp:term":[{"taxonomy":"category","embeddable":true,"href":"https:\/\/amisdumuseeetfondsmedard.com\/index.php\/wp-json\/wp\/v2\/categories?post=757"},{"taxonomy":"post_tag","embeddable":true,"href":"https:\/\/amisdumuseeetfondsmedard.com\/index.php\/wp-json\/wp\/v2\/tags?post=757"}],"curies":[{"name":"wp","href":"https:\/\/api.w.org\/{rel}","templated":true}]}}