{"id":866,"date":"2023-08-30T23:11:18","date_gmt":"2023-08-30T21:11:18","guid":{"rendered":"https:\/\/amisdumuseeetfondsmedard.com\/?p=866"},"modified":"2023-08-31T00:03:00","modified_gmt":"2023-08-30T22:03:00","slug":"20ansassociation1erjuillet23","status":"publish","type":"post","link":"https:\/\/amisdumuseeetfondsmedard.com\/index.php\/2023\/08\/30\/20ansassociation1erjuillet23\/","title":{"rendered":"1er Juillet 2023 : L&rsquo;Association a f\u00eat\u00e9 ses 20 ans d&rsquo;existence."},"content":{"rendered":"<span class=\"cb-itemprop\" itemprop=\"reviewBody\">\n\n\n<p>Petit retour sur les 20 ans de l&rsquo;association qui ont \u00e9t\u00e9 f\u00eat\u00e9s en m\u00eame temps que les 10 ans du Mus\u00e9e M\u00e9dard, le 1er juillet dernier.<\/p>\n<h5>Discours de la Pr\u00e9sidente de l&rsquo;association Marie Claude ROSELLO :&nbsp;<\/h5>\n<p><em>C\u2019est toujours un grand moment de joie que de f\u00eater la long\u00e9vit\u00e9 d\u2019une association qui \u0153uvre pour la reconnaissance de la culture et la d\u00e9fense des m\u00e9tiers d\u2019art, cela montre sa bonne sant\u00e9 et sa capacit\u00e9 \u00e0 surmonter les \u00e9preuves du temps. Cette capacit\u00e9 \u00e0 durer est la plus belle preuve de r\u00e9ussite. 20 ans apr\u00e8s, les porteurs du projet de l\u2019\u00e9poque ne s\u2019y sont pas tromp\u00e9s, l\u2019essence de notre association fait toujours sa r\u00e9putation.<\/em><\/p>\n<p><em>Cr\u00e9e en 2003 par Jean Bertold Orsini, sous le nom des \u00ab&nbsp;Amis du fonds M\u00e9dard&nbsp;\u00bb, l\u2019association devient \u00e0 la cr\u00e9ation du mus\u00e9e en 2013 les \u00ab&nbsp;Amis du mus\u00e9e et du fonds M\u00e9dard. Cette cr\u00e9ation renforce notre soutien et notre implication aupr\u00e8s de ce centre culturel de la ville, largement soutenu par l\u2019adjoint \u00e0 la culture Jo\u00ebl Moysan pendant 15ans.<\/em><\/p>\n<p><em>En 20 ans notre association a su s\u2019adapter, vivre avec son temps, tout en gardant son essence, elle fait perdurer et transmets inlassablement ce m\u00e9tier d\u2019art qu\u2019est la reliure. Les actions men\u00e9es ont, sans pr\u00e9tention, contribu\u00e9 \u00e0 faire connaitre Lunel au-del\u00e0 de ses fronti\u00e8res locales, r\u00e9gionales et nationales.<\/em><\/p>\n<p><i>Permettez moi<\/i><em>&nbsp;de saluer le parcours, la diversification et la cr\u00e9ation de partenariats toujours plus nombreux pour faire d\u00e9couvrir ce fonds exceptionnel et ce mus\u00e9e, p\u00e9pite de la ville.<\/em><\/p>\n<p><em>M C Rosello Pr\u00e9sidente des Amis du mus\u00e9e et du fonds M\u00e9dard<\/em><\/p>\n<h5>Retour en image sur l&rsquo;\u00e9v\u00e9nement :&nbsp;<\/h5>\n<p>&nbsp;<\/p>\n\n\n\n<figure class=\"wp-block-gallery has-nested-images columns-default is-cropped wp-block-gallery-1 is-layout-flex wp-block-gallery-is-layout-flex\">\n<figure class=\"wp-block-image size-medium\"><img loading=\"lazy\" decoding=\"async\" width=\"300\" height=\"135\" data-id=\"867\" src=\"https:\/\/amisdumuseeetfondsmedard.com\/wp-content\/uploads\/2021\/05\/20230701_114553-1-300x135.jpg\" alt=\"\" class=\"wp-image-867\" srcset=\"https:\/\/amisdumuseeetfondsmedard.com\/wp-content\/uploads\/2021\/05\/20230701_114553-1-300x135.jpg 300w, https:\/\/amisdumuseeetfondsmedard.com\/wp-content\/uploads\/2021\/05\/20230701_114553-1-1024x461.jpg 1024w, https:\/\/amisdumuseeetfondsmedard.com\/wp-content\/uploads\/2021\/05\/20230701_114553-1-768x346.jpg 768w, https:\/\/amisdumuseeetfondsmedard.com\/wp-content\/uploads\/2021\/05\/20230701_114553-1-1536x691.jpg 1536w, https:\/\/amisdumuseeetfondsmedard.com\/wp-content\/uploads\/2021\/05\/20230701_114553-1-2048x922.jpg 2048w\" sizes=\"auto, (max-width: 300px) 100vw, 300px\" \/><figcaption class=\"wp-element-caption\">L&rsquo;assistance durant le concert de l&rsquo;Ecole de Musique de Lunel<\/figcaption><\/figure>\n\n\n\n<figure class=\"wp-block-image size-large\"><img loading=\"lazy\" decoding=\"async\" width=\"1024\" height=\"768\" data-id=\"865\" src=\"https:\/\/amisdumuseeetfondsmedard.com\/wp-content\/uploads\/2021\/05\/P1170585-1024x768.jpg\" alt=\"\" class=\"wp-image-865\" srcset=\"https:\/\/amisdumuseeetfondsmedard.com\/wp-content\/uploads\/2021\/05\/P1170585-1024x768.jpg 1024w, https:\/\/amisdumuseeetfondsmedard.com\/wp-content\/uploads\/2021\/05\/P1170585-300x225.jpg 300w, https:\/\/amisdumuseeetfondsmedard.com\/wp-content\/uploads\/2021\/05\/P1170585-768x576.jpg 768w, https:\/\/amisdumuseeetfondsmedard.com\/wp-content\/uploads\/2021\/05\/P1170585-1536x1152.jpg 1536w, https:\/\/amisdumuseeetfondsmedard.com\/wp-content\/uploads\/2021\/05\/P1170585-2048x1536.jpg 2048w\" sizes=\"auto, (max-width: 1024px) 100vw, 1024px\" \/><figcaption class=\"wp-element-caption\">Les discours<\/figcaption><\/figure>\n\n\n\n<figure class=\"wp-block-image size-large\"><img loading=\"lazy\" decoding=\"async\" width=\"1024\" height=\"709\" data-id=\"864\" src=\"https:\/\/amisdumuseeetfondsmedard.com\/wp-content\/uploads\/2021\/05\/Musee-MEDARD-10-ANS-01.07-0031-1024x709.jpg\" alt=\"\" class=\"wp-image-864\" srcset=\"https:\/\/amisdumuseeetfondsmedard.com\/wp-content\/uploads\/2021\/05\/Musee-MEDARD-10-ANS-01.07-0031-1024x709.jpg 1024w, https:\/\/amisdumuseeetfondsmedard.com\/wp-content\/uploads\/2021\/05\/Musee-MEDARD-10-ANS-01.07-0031-300x208.jpg 300w, https:\/\/amisdumuseeetfondsmedard.com\/wp-content\/uploads\/2021\/05\/Musee-MEDARD-10-ANS-01.07-0031-768x532.jpg 768w, https:\/\/amisdumuseeetfondsmedard.com\/wp-content\/uploads\/2021\/05\/Musee-MEDARD-10-ANS-01.07-0031-1536x1063.jpg 1536w, https:\/\/amisdumuseeetfondsmedard.com\/wp-content\/uploads\/2021\/05\/Musee-MEDARD-10-ANS-01.07-0031-2048x1418.jpg 2048w\" sizes=\"auto, (max-width: 1024px) 100vw, 1024px\" \/><figcaption class=\"wp-element-caption\">Le moment convivial autour du buffet<\/figcaption><\/figure>\n\n\n\n<figure class=\"wp-block-image size-large\"><img loading=\"lazy\" decoding=\"async\" width=\"1024\" height=\"576\" data-id=\"873\" src=\"https:\/\/amisdumuseeetfondsmedard.com\/wp-content\/uploads\/2021\/05\/20230701_115214-1024x576.jpg\" alt=\"\" class=\"wp-image-873\" srcset=\"https:\/\/amisdumuseeetfondsmedard.com\/wp-content\/uploads\/2021\/05\/20230701_115214-1024x576.jpg 1024w, https:\/\/amisdumuseeetfondsmedard.com\/wp-content\/uploads\/2021\/05\/20230701_115214-300x169.jpg 300w, https:\/\/amisdumuseeetfondsmedard.com\/wp-content\/uploads\/2021\/05\/20230701_115214-768x432.jpg 768w, https:\/\/amisdumuseeetfondsmedard.com\/wp-content\/uploads\/2021\/05\/20230701_115214-1536x864.jpg 1536w, https:\/\/amisdumuseeetfondsmedard.com\/wp-content\/uploads\/2021\/05\/20230701_115214-2048x1152.jpg 2048w\" sizes=\"auto, (max-width: 1024px) 100vw, 1024px\" \/><figcaption class=\"wp-element-caption\">Le concert de l&rsquo;Ecole de Musique<\/figcaption><\/figure>\n\n\n\n<figure class=\"wp-block-image size-large\"><img loading=\"lazy\" decoding=\"async\" width=\"658\" height=\"1024\" data-id=\"872\" src=\"https:\/\/amisdumuseeetfondsmedard.com\/wp-content\/uploads\/2021\/05\/20230701_120609-658x1024.jpg\" alt=\"\" class=\"wp-image-872\" srcset=\"https:\/\/amisdumuseeetfondsmedard.com\/wp-content\/uploads\/2021\/05\/20230701_120609-658x1024.jpg 658w, https:\/\/amisdumuseeetfondsmedard.com\/wp-content\/uploads\/2021\/05\/20230701_120609-193x300.jpg 193w, https:\/\/amisdumuseeetfondsmedard.com\/wp-content\/uploads\/2021\/05\/20230701_120609.jpg 732w\" sizes=\"auto, (max-width: 658px) 100vw, 658px\" \/><figcaption class=\"wp-element-caption\">La Pr\u00e9sidente Marie Claude Rosello<\/figcaption><\/figure>\n\n\n\n<figure class=\"wp-block-image size-large\"><img loading=\"lazy\" decoding=\"async\" width=\"576\" height=\"1024\" data-id=\"871\" src=\"https:\/\/amisdumuseeetfondsmedard.com\/wp-content\/uploads\/2021\/05\/20230701_120636-576x1024.jpg\" alt=\"\" class=\"wp-image-871\" srcset=\"https:\/\/amisdumuseeetfondsmedard.com\/wp-content\/uploads\/2021\/05\/20230701_120636-576x1024.jpg 576w, https:\/\/amisdumuseeetfondsmedard.com\/wp-content\/uploads\/2021\/05\/20230701_120636-169x300.jpg 169w, https:\/\/amisdumuseeetfondsmedard.com\/wp-content\/uploads\/2021\/05\/20230701_120636-768x1365.jpg 768w, https:\/\/amisdumuseeetfondsmedard.com\/wp-content\/uploads\/2021\/05\/20230701_120636-864x1536.jpg 864w, https:\/\/amisdumuseeetfondsmedard.com\/wp-content\/uploads\/2021\/05\/20230701_120636-1152x2048.jpg 1152w, https:\/\/amisdumuseeetfondsmedard.com\/wp-content\/uploads\/2021\/05\/20230701_120636-scaled.jpg 1440w\" sizes=\"auto, (max-width: 576px) 100vw, 576px\" \/><figcaption class=\"wp-element-caption\">Les discours<\/figcaption><\/figure>\n\n\n\n<figure class=\"wp-block-image size-large\"><img loading=\"lazy\" decoding=\"async\" width=\"576\" height=\"1024\" data-id=\"870\" src=\"https:\/\/amisdumuseeetfondsmedard.com\/wp-content\/uploads\/2021\/05\/20230701_121106-576x1024.jpg\" alt=\"\" class=\"wp-image-870\" srcset=\"https:\/\/amisdumuseeetfondsmedard.com\/wp-content\/uploads\/2021\/05\/20230701_121106-576x1024.jpg 576w, https:\/\/amisdumuseeetfondsmedard.com\/wp-content\/uploads\/2021\/05\/20230701_121106-169x300.jpg 169w, https:\/\/amisdumuseeetfondsmedard.com\/wp-content\/uploads\/2021\/05\/20230701_121106-768x1365.jpg 768w, https:\/\/amisdumuseeetfondsmedard.com\/wp-content\/uploads\/2021\/05\/20230701_121106-864x1536.jpg 864w, https:\/\/amisdumuseeetfondsmedard.com\/wp-content\/uploads\/2021\/05\/20230701_121106-1152x2048.jpg 1152w, https:\/\/amisdumuseeetfondsmedard.com\/wp-content\/uploads\/2021\/05\/20230701_121106-scaled.jpg 1440w\" sizes=\"auto, (max-width: 576px) 100vw, 576px\" \/><figcaption class=\"wp-element-caption\">Les discours<\/figcaption><\/figure>\n\n\n\n<figure class=\"wp-block-image size-large\"><img loading=\"lazy\" decoding=\"async\" width=\"576\" height=\"1024\" data-id=\"869\" src=\"https:\/\/amisdumuseeetfondsmedard.com\/wp-content\/uploads\/2021\/05\/20230701_124956-576x1024.jpg\" alt=\"\" class=\"wp-image-869\" srcset=\"https:\/\/amisdumuseeetfondsmedard.com\/wp-content\/uploads\/2021\/05\/20230701_124956-576x1024.jpg 576w, https:\/\/amisdumuseeetfondsmedard.com\/wp-content\/uploads\/2021\/05\/20230701_124956-169x300.jpg 169w, https:\/\/amisdumuseeetfondsmedard.com\/wp-content\/uploads\/2021\/05\/20230701_124956-768x1365.jpg 768w, https:\/\/amisdumuseeetfondsmedard.com\/wp-content\/uploads\/2021\/05\/20230701_124956-864x1536.jpg 864w, https:\/\/amisdumuseeetfondsmedard.com\/wp-content\/uploads\/2021\/05\/20230701_124956-1152x2048.jpg 1152w, https:\/\/amisdumuseeetfondsmedard.com\/wp-content\/uploads\/2021\/05\/20230701_124956-scaled.jpg 1440w\" sizes=\"auto, (max-width: 576px) 100vw, 576px\" \/><figcaption class=\"wp-element-caption\">Marie Claude Rosello et Daguy Auquier<\/figcaption><\/figure>\n<\/figure>\n\n\n\n<p>En savoir plus sur le <a href=\"https:\/\/www.museemedard.fr\/\" target=\"_blank\" rel=\"noopener\">Mus\u00e9e M\u00e9dard<\/a><\/p>\n<\/span>","protected":false},"excerpt":{"rendered":"<p>L&rsquo;Association a f\u00eat\u00e9 ses 20 ans d&rsquo;existence. Petit retour sur cet \u00e9v\u00e9nement<\/p>\n","protected":false},"author":1,"featured_media":868,"comment_status":"closed","ping_status":"open","sticky":true,"template":"","format":"standard","meta":{"footnotes":""},"categories":[9,5],"tags":[72,69,40,13,71],"class_list":["post-866","post","type-post","status-publish","format-standard","has-post-thumbnail","hentry","category-actualite","category-galerie-photo","tag-anniversaire","tag-ecole-de-musique-de-lunel","tag-lunel","tag-musee-medard","tag-ville-de-lunel"],"_links":{"self":[{"href":"https:\/\/amisdumuseeetfondsmedard.com\/index.php\/wp-json\/wp\/v2\/posts\/866","targetHints":{"allow":["GET"]}}],"collection":[{"href":"https:\/\/amisdumuseeetfondsmedard.com\/index.php\/wp-json\/wp\/v2\/posts"}],"about":[{"href":"https:\/\/amisdumuseeetfondsmedard.com\/index.php\/wp-json\/wp\/v2\/types\/post"}],"author":[{"embeddable":true,"href":"https:\/\/amisdumuseeetfondsmedard.com\/index.php\/wp-json\/wp\/v2\/users\/1"}],"replies":[{"embeddable":true,"href":"https:\/\/amisdumuseeetfondsmedard.com\/index.php\/wp-json\/wp\/v2\/comments?post=866"}],"version-history":[{"count":2,"href":"https:\/\/amisdumuseeetfondsmedard.com\/index.php\/wp-json\/wp\/v2\/posts\/866\/revisions"}],"predecessor-version":[{"id":910,"href":"https:\/\/amisdumuseeetfondsmedard.com\/index.php\/wp-json\/wp\/v2\/posts\/866\/revisions\/910"}],"wp:featuredmedia":[{"embeddable":true,"href":"https:\/\/amisdumuseeetfondsmedard.com\/index.php\/wp-json\/wp\/v2\/media\/868"}],"wp:attachment":[{"href":"https:\/\/amisdumuseeetfondsmedard.com\/index.php\/wp-json\/wp\/v2\/media?parent=866"}],"wp:term":[{"taxonomy":"category","embeddable":true,"href":"https:\/\/amisdumuseeetfondsmedard.com\/index.php\/wp-json\/wp\/v2\/categories?post=866"},{"taxonomy":"post_tag","embeddable":true,"href":"https:\/\/amisdumuseeetfondsmedard.com\/index.php\/wp-json\/wp\/v2\/tags?post=866"}],"curies":[{"name":"wp","href":"https:\/\/api.w.org\/{rel}","templated":true}]}}